{"id":1388,"date":"2016-05-13T12:31:05","date_gmt":"2016-05-13T12:31:05","guid":{"rendered":"https:\/\/www.air-lomb.com\/fr\/mal-de-dos\/?p=1388"},"modified":"2017-03-24T14:03:36","modified_gmt":"2017-03-24T14:03:36","slug":"douleurs-au-dos-federer-coince","status":"publish","type":"post","link":"https:\/\/www.air-lomb.com\/mal-de-dos\/solutions-mal-de-dos\/douleurs-au-dos-federer-coince\/","title":{"rendered":"Rattrap\u00e9 par ses douleurs au dos, Federer coince d\u00e9j\u00e0 !"},"content":{"rendered":"<p>Dommage, Roger, qu&rsquo;on ne se soit pas connu avant, on aurait aim\u00e9 t&rsquo;aider avec notre ceinture !<\/p><p>Probablement, le r\u00e9sultat eut \u00e9t\u00e9 diff\u00e9rent s&rsquo;il avait eu une ceinture \u00e0 air\u00a0AirLOMB, pour lui <strong>Soulager<\/strong> imm\u00e9diatement et sans effet secondaire ses douleurs au dos,\u00a0<strong>S\u00e9curiser<\/strong> sa reprise des mouvements naturels, <strong>\u00eatre accompagn\u00e9<\/strong> dans son retour au top niveau dans toutes ses activit\u00e9s &#8230; <a href=\"https:\/\/www.air-lomb.com\/\" target=\"_blank\" rel=\"nofollow\">https:\/\/www.air-lomb.com\/<\/a><\/p><p><a href=\"https:\/\/www.air-lomb.com\/\"><img loading=\"lazy\" decoding=\"async\" class=\"aligncenter wp-image-1389 size-full\" src=\"https:\/\/www.air-lomb.com\/mal-de-dos\/wp-content\/uploads\/2016\/05\/Roger-Federer_w484.jpg\" alt=\"douleurs au dos : si Federer avait eu une ceinture  AirLOMB ...\" width=\"484\" height=\"323\" srcset=\"https:\/\/www.air-lomb.com\/mal-de-dos\/wp-content\/uploads\/2016\/05\/Roger-Federer_w484.jpg 484w, https:\/\/www.air-lomb.com\/mal-de-dos\/wp-content\/uploads\/2016\/05\/Roger-Federer_w484-300x200.jpg 300w\" sizes=\"auto, (max-width: 484px) 100vw, 484px\" \/><\/a><\/p><h6>Article repris de\u00a0Europe 1,\u00a0@micab016\u00a0<em>Par Michael Balcaen,\u00a0Publi\u00e9 le <time datetime=\"2016-05-12T13:38:00+02:00\">12 mai 2016 \u00e0 13h38,\u00a0<\/time>Mis \u00e0 jour le <time datetime=\"2016-05-12T15:25:53+02:00\">12 mai 2016 \u00e0 15h25<\/time><\/em><\/h6><p class=\"chapo\">Rattrap\u00e9 par ses douleurs au dos, Roger Federer a finalement c\u00e9d\u00e9 face \u00e0 Dominic Thiem ce mercredi au Masters 1000 de Rome (7-6, 6-4). Clairement handicap\u00e9, notamment au service, le Suisse perd sa deuxi\u00e8me place au classement ATP et entame une course contre la montre pour se remettre d&rsquo;aplomb \u00e0 dix jours de Roland-Garros.<!--more--><\/p><p>Roger Federer a tout donn\u00e9. D\u00e8s apr\u00e8s son premier succ\u00e8s \u00e0 Rome, remport\u00e9 contre Zverev, le Suisse avait mis en doute sa participation en huiti\u00e8mes de finale contre Dominic Thiem. Ce n\u2019est finalement que ce jeudi matin qu\u2019il a valid\u00e9 sa pr\u00e9sence sur le court. Mais avec les moyens du moment, c\u2019est-\u00e0-dire un mal de dos pr\u00e9occupant dans l\u2019optique de <a href=\"http:\/\/www.sports.fr\/tennis\/roland-garros\/\">Roland-Garros<\/a> (16 mai-5 juin), mais surtout une g\u00eane dans les d\u00e9placements et au service.<\/p><p>Pourtant, Federer a d\u00e9but\u00e9 plus fort que son adversaire, s&rsquo;octroyant m\u00eame un break d\u2019avance dans le premier set. C\u2019\u00e9tait avant que l\u2019Autrichien ne mette v\u00e9ritablement en route la machine et qu\u2019il se l\u00e2che enfin. D\u00e8s lors, tout s\u2019est compliqu\u00e9 pour ce Federer-l\u00e0. Sans pouvoir forcer au service, il a sans cesse \u00e9t\u00e9 mis en difficult\u00e9 sur ses engagements. Dans le jeu, ce n\u2019\u00e9tait pas la panac\u00e9e non plus. Thiem, 15e joueur mondial, en a profit\u00e9 pour rafler le premier set au tie-break puis encha\u00eener par un break rapide dans le deuxi\u00e8me.<\/p><p>Federer a bien tent\u00e9 de limiter la casse, de raccourcir les \u00e9changes en montant au filet notamment, mais cela n\u2019a pas \u00e9t\u00e9 suffisant pour contrarier les plans d\u2019un adversaire, qui a parfaitement su g\u00e9rer l\u2019aspect mental d\u2019un tel affrontement. L\u2019Autrichien, t\u00eate de s\u00e9rie n\u00b013, est rest\u00e9 dans son sch\u00e9ma de jeu, sans en rajouter afin de pousser son adversaire \u00e0 la faute bien trop facilement. Et c\u2019est sur un dernier ace que Thiem a boucl\u00e9 le match (7-6, 6-4). Il devra en faire beaucoup plus au tour suivant puisqu\u2019il rencontrera Nishikori ou Gasquet. Pour Federer, la perte de sa deuxi\u00e8me place mondiale, r\u00e9cup\u00e9r\u00e9e il y a peu et rendue \u00e0 <a href=\"http:\/\/www.sports.fr\/tennis\/joueurs\/atp\/andy-murray.html\">Andy Murray<\/a>, est \u00e0 mettre au rang des anecdotes \u00e0 maintenant seulement dix jours de <a href=\"http:\/\/www.sports.fr\/tennis\/roland-garros\/\">Roland-Garros<\/a><\/p>","protected":false},"excerpt":{"rendered":"<p>Dommage, Roger, qu&rsquo;on ne se soit pas connu avant, on aurait aim\u00e9 t&rsquo;aider avec notre ceinture !Probablement, le r\u00e9sultat eut \u00e9t\u00e9 diff\u00e9rent s&rsquo;il avait eu une ceinture \u00e0 air\u00a0AirLOMB, pour lui Soulager imm\u00e9diatement et sans effet secondaire ses douleurs au dos,\u00a0S\u00e9curiser sa reprise des mouvements naturels, \u00eatre accompagn\u00e9 dans son retour au top niveau dans [&hellip;]<\/p>\n","protected":false},"author":3,"featured_media":0,"comment_status":"open","ping_status":"closed","sticky":false,"template":"","format":"standard","meta":{"footnotes":""},"categories":[50],"tags":[33],"class_list":["post-1388","post","type-post","status-publish","format-standard","hentry","category-solutions-mal-de-dos","tag-mal-de-dos"],"yoast_head":"<!-- This site is optimized with the Yoast SEO plugin v27.5 - https:\/\/yoast.com\/product\/yoast-seo-wordpress\/ -->\n<title>douleurs au dos Federer coince | AirLOMB ceinture lombaire \u00e0 air<\/title>\n<meta name=\"description\" content=\"Probablement, le r\u00e9sultat eut \u00e9t\u00e9 diff\u00e9rent s&#039;il avait eu une ceinture gonflable AirLOMB pour lui Soulager ses douleurs au dos sans effet secondaire\" \/>\n<meta name=\"robots\" content=\"index, follow, max-snippet:-1, max-image-preview:large, max-video-preview:-1\" \/>\n<link rel=\"canonical\" href=\"https:\/\/www.air-lomb.com\/mal-de-dos\/solutions-mal-de-dos\/douleurs-au-dos-federer-coince\/\" \/>\n<meta property=\"og:locale\" content=\"fr_FR\" \/>\n<meta property=\"og:type\" content=\"article\" \/>\n<meta property=\"og:title\" content=\"douleurs au dos Federer coince | AirLOMB ceinture lombaire \u00e0 air\" \/>\n<meta property=\"og:description\" content=\"Probablement, le r\u00e9sultat eut \u00e9t\u00e9 diff\u00e9rent s&#039;il avait eu une ceinture gonflable AirLOMB pour lui Soulager ses douleurs au dos sans effet secondaire\" \/>\n<meta property=\"og:url\" content=\"https:\/\/www.air-lomb.com\/mal-de-dos\/solutions-mal-de-dos\/douleurs-au-dos-federer-coince\/\" \/>\n<meta property=\"og:site_name\" content=\"AirLOMB\" \/>\n<meta property=\"article:published_time\" content=\"2016-05-13T12:31:05+00:00\" \/>\n<meta property=\"article:modified_time\" content=\"2017-03-24T14:03:36+00:00\" \/>\n<meta property=\"og:image\" content=\"https:\/\/www.air-lomb.com\/mal-de-dos\/wp-content\/uploads\/2016\/05\/Roger-Federer_w484.jpg\" \/>\n<meta name=\"author\" content=\"AirLOMB\" \/>\n<meta name=\"twitter:card\" content=\"summary_large_image\" \/>\n<meta name=\"twitter:label1\" content=\"\u00c9crit par\" \/>\n\t<meta name=\"twitter:data1\" content=\"AirLOMB\" \/>\n\t<meta name=\"twitter:label2\" content=\"Dur\u00e9e de lecture estim\u00e9e\" \/>\n\t<meta name=\"twitter:data2\" content=\"2 minutes\" \/>\n<script type=\"application\/ld+json\" class=\"yoast-schema-graph\">{\"@context\":\"https:\\\/\\\/schema.org\",\"@graph\":[{\"@type\":\"Article\",\"@id\":\"https:\\\/\\\/www.air-lomb.com\\\/mal-de-dos\\\/solutions-mal-de-dos\\\/douleurs-au-dos-federer-coince\\\/#article\",\"isPartOf\":{\"@id\":\"https:\\\/\\\/www.air-lomb.com\\\/mal-de-dos\\\/solutions-mal-de-dos\\\/douleurs-au-dos-federer-coince\\\/\"},\"author\":{\"name\":\"AirLOMB\",\"@id\":\"https:\\\/\\\/www.air-lomb.com\\\/mal-de-dos\\\/#\\\/schema\\\/person\\\/c7889df058dfc654f642bba35a2cebc6\"},\"headline\":\"Rattrap\u00e9 par ses douleurs au dos, Federer coince d\u00e9j\u00e0 !\",\"datePublished\":\"2016-05-13T12:31:05+00:00\",\"dateModified\":\"2017-03-24T14:03:36+00:00\",\"mainEntityOfPage\":{\"@id\":\"https:\\\/\\\/www.air-lomb.com\\\/mal-de-dos\\\/solutions-mal-de-dos\\\/douleurs-au-dos-federer-coince\\\/\"},\"wordCount\":475,\"commentCount\":0,\"image\":{\"@id\":\"https:\\\/\\\/www.air-lomb.com\\\/mal-de-dos\\\/solutions-mal-de-dos\\\/douleurs-au-dos-federer-coince\\\/#primaryimage\"},\"thumbnailUrl\":\"https:\\\/\\\/www.air-lomb.com\\\/mal-de-dos\\\/wp-content\\\/uploads\\\/2016\\\/05\\\/Roger-Federer_w484.jpg\",\"keywords\":[\"Mal de dos\"],\"articleSection\":[\"Solutions contre le mal de dos\"],\"inLanguage\":\"fr-FR\",\"potentialAction\":[{\"@type\":\"CommentAction\",\"name\":\"Comment\",\"target\":[\"https:\\\/\\\/www.air-lomb.com\\\/mal-de-dos\\\/solutions-mal-de-dos\\\/douleurs-au-dos-federer-coince\\\/#respond\"]}]},{\"@type\":\"WebPage\",\"@id\":\"https:\\\/\\\/www.air-lomb.com\\\/mal-de-dos\\\/solutions-mal-de-dos\\\/douleurs-au-dos-federer-coince\\\/\",\"url\":\"https:\\\/\\\/www.air-lomb.com\\\/mal-de-dos\\\/solutions-mal-de-dos\\\/douleurs-au-dos-federer-coince\\\/\",\"name\":\"douleurs au dos Federer coince | AirLOMB ceinture lombaire \u00e0 air\",\"isPartOf\":{\"@id\":\"https:\\\/\\\/www.air-lomb.com\\\/mal-de-dos\\\/#website\"},\"primaryImageOfPage\":{\"@id\":\"https:\\\/\\\/www.air-lomb.com\\\/mal-de-dos\\\/solutions-mal-de-dos\\\/douleurs-au-dos-federer-coince\\\/#primaryimage\"},\"image\":{\"@id\":\"https:\\\/\\\/www.air-lomb.com\\\/mal-de-dos\\\/solutions-mal-de-dos\\\/douleurs-au-dos-federer-coince\\\/#primaryimage\"},\"thumbnailUrl\":\"https:\\\/\\\/www.air-lomb.com\\\/mal-de-dos\\\/wp-content\\\/uploads\\\/2016\\\/05\\\/Roger-Federer_w484.jpg\",\"datePublished\":\"2016-05-13T12:31:05+00:00\",\"dateModified\":\"2017-03-24T14:03:36+00:00\",\"author\":{\"@id\":\"https:\\\/\\\/www.air-lomb.com\\\/mal-de-dos\\\/#\\\/schema\\\/person\\\/c7889df058dfc654f642bba35a2cebc6\"},\"description\":\"Probablement, le r\u00e9sultat eut \u00e9t\u00e9 diff\u00e9rent s'il avait eu une ceinture gonflable AirLOMB pour lui Soulager ses douleurs au dos sans effet secondaire\",\"breadcrumb\":{\"@id\":\"https:\\\/\\\/www.air-lomb.com\\\/mal-de-dos\\\/solutions-mal-de-dos\\\/douleurs-au-dos-federer-coince\\\/#breadcrumb\"},\"inLanguage\":\"fr-FR\",\"potentialAction\":[{\"@type\":\"ReadAction\",\"target\":[\"https:\\\/\\\/www.air-lomb.com\\\/mal-de-dos\\\/solutions-mal-de-dos\\\/douleurs-au-dos-federer-coince\\\/\"]}]},{\"@type\":\"ImageObject\",\"inLanguage\":\"fr-FR\",\"@id\":\"https:\\\/\\\/www.air-lomb.com\\\/mal-de-dos\\\/solutions-mal-de-dos\\\/douleurs-au-dos-federer-coince\\\/#primaryimage\",\"url\":\"https:\\\/\\\/www.air-lomb.com\\\/mal-de-dos\\\/wp-content\\\/uploads\\\/2016\\\/05\\\/Roger-Federer_w484.jpg\",\"contentUrl\":\"https:\\\/\\\/www.air-lomb.com\\\/mal-de-dos\\\/wp-content\\\/uploads\\\/2016\\\/05\\\/Roger-Federer_w484.jpg\",\"width\":484,\"height\":323,\"caption\":\"Si federer avait eu une ceinture AirLOMB ...\"},{\"@type\":\"BreadcrumbList\",\"@id\":\"https:\\\/\\\/www.air-lomb.com\\\/mal-de-dos\\\/solutions-mal-de-dos\\\/douleurs-au-dos-federer-coince\\\/#breadcrumb\",\"itemListElement\":[{\"@type\":\"ListItem\",\"position\":1,\"name\":\"Home\",\"item\":\"https:\\\/\\\/www.air-lomb.com\\\/mal-de-dos\\\/\"},{\"@type\":\"ListItem\",\"position\":2,\"name\":\"Rattrap\u00e9 par ses douleurs au dos, Federer coince d\u00e9j\u00e0 !\"}]},{\"@type\":\"WebSite\",\"@id\":\"https:\\\/\\\/www.air-lomb.com\\\/mal-de-dos\\\/#website\",\"url\":\"https:\\\/\\\/www.air-lomb.com\\\/mal-de-dos\\\/\",\"name\":\"AirLOMB\",\"description\":\"La ceinture lombaire gonflable\",\"potentialAction\":[{\"@type\":\"SearchAction\",\"target\":{\"@type\":\"EntryPoint\",\"urlTemplate\":\"https:\\\/\\\/www.air-lomb.com\\\/mal-de-dos\\\/?s={search_term_string}\"},\"query-input\":{\"@type\":\"PropertyValueSpecification\",\"valueRequired\":true,\"valueName\":\"search_term_string\"}}],\"inLanguage\":\"fr-FR\"},{\"@type\":\"Person\",\"@id\":\"https:\\\/\\\/www.air-lomb.com\\\/mal-de-dos\\\/#\\\/schema\\\/person\\\/c7889df058dfc654f642bba35a2cebc6\",\"name\":\"AirLOMB\",\"image\":{\"@type\":\"ImageObject\",\"inLanguage\":\"fr-FR\",\"@id\":\"https:\\\/\\\/secure.gravatar.com\\\/avatar\\\/6588f2f6f58d6a12c6657fa04a2ad0e0eb306649d030f5cb6ce326707ecc58da?s=96&d=mm&r=g\",\"url\":\"https:\\\/\\\/secure.gravatar.com\\\/avatar\\\/6588f2f6f58d6a12c6657fa04a2ad0e0eb306649d030f5cb6ce326707ecc58da?s=96&d=mm&r=g\",\"contentUrl\":\"https:\\\/\\\/secure.gravatar.com\\\/avatar\\\/6588f2f6f58d6a12c6657fa04a2ad0e0eb306649d030f5cb6ce326707ecc58da?s=96&d=mm&r=g\",\"caption\":\"AirLOMB\"},\"sameAs\":[\"http:\\\/\\\/www.air-lomb.com\"],\"url\":\"https:\\\/\\\/www.air-lomb.com\\\/mal-de-dos\\\/author\\\/airlomb\\\/\"}]}<\/script>\n<!-- \/ Yoast SEO plugin. -->","yoast_head_json":{"title":"douleurs au dos Federer coince | AirLOMB ceinture lombaire \u00e0 air","description":"Probablement, le r\u00e9sultat eut \u00e9t\u00e9 diff\u00e9rent s'il avait eu une ceinture gonflable AirLOMB pour lui Soulager ses douleurs au dos sans effet secondaire","robots":{"index":"index","follow":"follow","max-snippet":"max-snippet:-1","max-image-preview":"max-image-preview:large","max-video-preview":"max-video-preview:-1"},"canonical":"https:\/\/www.air-lomb.com\/mal-de-dos\/solutions-mal-de-dos\/douleurs-au-dos-federer-coince\/","og_locale":"fr_FR","og_type":"article","og_title":"douleurs au dos Federer coince | AirLOMB ceinture lombaire \u00e0 air","og_description":"Probablement, le r\u00e9sultat eut \u00e9t\u00e9 diff\u00e9rent s'il avait eu une ceinture gonflable AirLOMB pour lui Soulager ses douleurs au dos sans effet secondaire","og_url":"https:\/\/www.air-lomb.com\/mal-de-dos\/solutions-mal-de-dos\/douleurs-au-dos-federer-coince\/","og_site_name":"AirLOMB","article_published_time":"2016-05-13T12:31:05+00:00","article_modified_time":"2017-03-24T14:03:36+00:00","og_image":[{"url":"https:\/\/www.air-lomb.com\/mal-de-dos\/wp-content\/uploads\/2016\/05\/Roger-Federer_w484.jpg","type":"","width":"","height":""}],"author":"AirLOMB","twitter_card":"summary_large_image","twitter_misc":{"\u00c9crit par":"AirLOMB","Dur\u00e9e de lecture estim\u00e9e":"2 minutes"},"schema":{"@context":"https:\/\/schema.org","@graph":[{"@type":"Article","@id":"https:\/\/www.air-lomb.com\/mal-de-dos\/solutions-mal-de-dos\/douleurs-au-dos-federer-coince\/#article","isPartOf":{"@id":"https:\/\/www.air-lomb.com\/mal-de-dos\/solutions-mal-de-dos\/douleurs-au-dos-federer-coince\/"},"author":{"name":"AirLOMB","@id":"https:\/\/www.air-lomb.com\/mal-de-dos\/#\/schema\/person\/c7889df058dfc654f642bba35a2cebc6"},"headline":"Rattrap\u00e9 par ses douleurs au dos, Federer coince d\u00e9j\u00e0 !","datePublished":"2016-05-13T12:31:05+00:00","dateModified":"2017-03-24T14:03:36+00:00","mainEntityOfPage":{"@id":"https:\/\/www.air-lomb.com\/mal-de-dos\/solutions-mal-de-dos\/douleurs-au-dos-federer-coince\/"},"wordCount":475,"commentCount":0,"image":{"@id":"https:\/\/www.air-lomb.com\/mal-de-dos\/solutions-mal-de-dos\/douleurs-au-dos-federer-coince\/#primaryimage"},"thumbnailUrl":"https:\/\/www.air-lomb.com\/mal-de-dos\/wp-content\/uploads\/2016\/05\/Roger-Federer_w484.jpg","keywords":["Mal de dos"],"articleSection":["Solutions contre le mal de dos"],"inLanguage":"fr-FR","potentialAction":[{"@type":"CommentAction","name":"Comment","target":["https:\/\/www.air-lomb.com\/mal-de-dos\/solutions-mal-de-dos\/douleurs-au-dos-federer-coince\/#respond"]}]},{"@type":"WebPage","@id":"https:\/\/www.air-lomb.com\/mal-de-dos\/solutions-mal-de-dos\/douleurs-au-dos-federer-coince\/","url":"https:\/\/www.air-lomb.com\/mal-de-dos\/solutions-mal-de-dos\/douleurs-au-dos-federer-coince\/","name":"douleurs au dos Federer coince | AirLOMB ceinture lombaire \u00e0 air","isPartOf":{"@id":"https:\/\/www.air-lomb.com\/mal-de-dos\/#website"},"primaryImageOfPage":{"@id":"https:\/\/www.air-lomb.com\/mal-de-dos\/solutions-mal-de-dos\/douleurs-au-dos-federer-coince\/#primaryimage"},"image":{"@id":"https:\/\/www.air-lomb.com\/mal-de-dos\/solutions-mal-de-dos\/douleurs-au-dos-federer-coince\/#primaryimage"},"thumbnailUrl":"https:\/\/www.air-lomb.com\/mal-de-dos\/wp-content\/uploads\/2016\/05\/Roger-Federer_w484.jpg","datePublished":"2016-05-13T12:31:05+00:00","dateModified":"2017-03-24T14:03:36+00:00","author":{"@id":"https:\/\/www.air-lomb.com\/mal-de-dos\/#\/schema\/person\/c7889df058dfc654f642bba35a2cebc6"},"description":"Probablement, le r\u00e9sultat eut \u00e9t\u00e9 diff\u00e9rent s'il avait eu une ceinture gonflable AirLOMB pour lui Soulager ses douleurs au dos sans effet secondaire","breadcrumb":{"@id":"https:\/\/www.air-lomb.com\/mal-de-dos\/solutions-mal-de-dos\/douleurs-au-dos-federer-coince\/#breadcrumb"},"inLanguage":"fr-FR","potentialAction":[{"@type":"ReadAction","target":["https:\/\/www.air-lomb.com\/mal-de-dos\/solutions-mal-de-dos\/douleurs-au-dos-federer-coince\/"]}]},{"@type":"ImageObject","inLanguage":"fr-FR","@id":"https:\/\/www.air-lomb.com\/mal-de-dos\/solutions-mal-de-dos\/douleurs-au-dos-federer-coince\/#primaryimage","url":"https:\/\/www.air-lomb.com\/mal-de-dos\/wp-content\/uploads\/2016\/05\/Roger-Federer_w484.jpg","contentUrl":"https:\/\/www.air-lomb.com\/mal-de-dos\/wp-content\/uploads\/2016\/05\/Roger-Federer_w484.jpg","width":484,"height":323,"caption":"Si federer avait eu une ceinture AirLOMB ..."},{"@type":"BreadcrumbList","@id":"https:\/\/www.air-lomb.com\/mal-de-dos\/solutions-mal-de-dos\/douleurs-au-dos-federer-coince\/#breadcrumb","itemListElement":[{"@type":"ListItem","position":1,"name":"Home","item":"https:\/\/www.air-lomb.com\/mal-de-dos\/"},{"@type":"ListItem","position":2,"name":"Rattrap\u00e9 par ses douleurs au dos, Federer coince d\u00e9j\u00e0 !"}]},{"@type":"WebSite","@id":"https:\/\/www.air-lomb.com\/mal-de-dos\/#website","url":"https:\/\/www.air-lomb.com\/mal-de-dos\/","name":"AirLOMB","description":"La ceinture lombaire gonflable","potentialAction":[{"@type":"SearchAction","target":{"@type":"EntryPoint","urlTemplate":"https:\/\/www.air-lomb.com\/mal-de-dos\/?s={search_term_string}"},"query-input":{"@type":"PropertyValueSpecification","valueRequired":true,"valueName":"search_term_string"}}],"inLanguage":"fr-FR"},{"@type":"Person","@id":"https:\/\/www.air-lomb.com\/mal-de-dos\/#\/schema\/person\/c7889df058dfc654f642bba35a2cebc6","name":"AirLOMB","image":{"@type":"ImageObject","inLanguage":"fr-FR","@id":"https:\/\/secure.gravatar.com\/avatar\/6588f2f6f58d6a12c6657fa04a2ad0e0eb306649d030f5cb6ce326707ecc58da?s=96&d=mm&r=g","url":"https:\/\/secure.gravatar.com\/avatar\/6588f2f6f58d6a12c6657fa04a2ad0e0eb306649d030f5cb6ce326707ecc58da?s=96&d=mm&r=g","contentUrl":"https:\/\/secure.gravatar.com\/avatar\/6588f2f6f58d6a12c6657fa04a2ad0e0eb306649d030f5cb6ce326707ecc58da?s=96&d=mm&r=g","caption":"AirLOMB"},"sameAs":["http:\/\/www.air-lomb.com"],"url":"https:\/\/www.air-lomb.com\/mal-de-dos\/author\/airlomb\/"}]}},"_links":{"self":[{"href":"https:\/\/www.air-lomb.com\/mal-de-dos\/wp-json\/wp\/v2\/posts\/1388","targetHints":{"allow":["GET"]}}],"collection":[{"href":"https:\/\/www.air-lomb.com\/mal-de-dos\/wp-json\/wp\/v2\/posts"}],"about":[{"href":"https:\/\/www.air-lomb.com\/mal-de-dos\/wp-json\/wp\/v2\/types\/post"}],"author":[{"embeddable":true,"href":"https:\/\/www.air-lomb.com\/mal-de-dos\/wp-json\/wp\/v2\/users\/3"}],"replies":[{"embeddable":true,"href":"https:\/\/www.air-lomb.com\/mal-de-dos\/wp-json\/wp\/v2\/comments?post=1388"}],"version-history":[{"count":6,"href":"https:\/\/www.air-lomb.com\/mal-de-dos\/wp-json\/wp\/v2\/posts\/1388\/revisions"}],"predecessor-version":[{"id":1418,"href":"https:\/\/www.air-lomb.com\/mal-de-dos\/wp-json\/wp\/v2\/posts\/1388\/revisions\/1418"}],"wp:attachment":[{"href":"https:\/\/www.air-lomb.com\/mal-de-dos\/wp-json\/wp\/v2\/media?parent=1388"}],"wp:term":[{"taxonomy":"category","embeddable":true,"href":"https:\/\/www.air-lomb.com\/mal-de-dos\/wp-json\/wp\/v2\/categories?post=1388"},{"taxonomy":"post_tag","embeddable":true,"href":"https:\/\/www.air-lomb.com\/mal-de-dos\/wp-json\/wp\/v2\/tags?post=1388"}],"curies":[{"name":"wp","href":"https:\/\/api.w.org\/{rel}","templated":true}]}}