{"id":52,"count":1,"description":"<h2><strong>Les douleurs lombaires<\/strong>\u00a0(ou lombalgie\u00a0), les plus fr\u00e9quentes des maux de dos, touchent environ 10% de la population mondiale.<\/h2><p>Ce mal du si\u00e8cle est\u00a0provoqu\u00e9 par une affection des vert\u00e8bres lombaires, la partie caudale de la colonne vert\u00e9brale. Ces douleurs se manifestent au bas du dos et peuvent atteindre le pli des fesses et la cage thoracique et dans certains cas, l'une des deux jambes et le pied. Les <strong>douleurs lombaires<\/strong> <strong>aigu\u00ebs<\/strong> sont g\u00e9n\u00e9ralement d'origines m\u00e9caniques et peuvent \u00eatre provoqu\u00e9es par un faux mouvement, une rotation du tronc ou encore un soul\u00e8vement d'une grande charge.<\/p>","link":"https:\/\/www.air-lomb.com\/mal-de-dos\/tag\/mal-du-siecle\/","name":"mal du si\u00e8cle","slug":"mal-du-siecle","taxonomy":"post_tag","meta":[],"yoast_head":"<!-- This site is optimized with the Yoast SEO plugin v27.5 - https:\/\/yoast.com\/product\/yoast-seo-wordpress\/ -->\n<title>mal du si\u00e8cle Archives - AirLOMB<\/title>\n<meta name=\"description\" content=\"Ce mal du si\u00e8cle est provoqu\u00e9 par une affection des vert\u00e8bres lombaires, Les douleurs lombaires aigu\u00ebs sont g\u00e9n\u00e9ralement d&#039;origines m\u00e9caniques\" \/>\n<meta name=\"robots\" content=\"index, follow, max-snippet:-1, max-image-preview:large, max-video-preview:-1\" \/>\n<link rel=\"canonical\" href=\"https:\/\/www.air-lomb.com\/mal-de-dos\/tag\/mal-du-siecle\/\" \/>\n<meta property=\"og:locale\" content=\"fr_FR\" \/>\n<meta property=\"og:type\" content=\"article\" \/>\n<meta property=\"og:title\" content=\"mal du si\u00e8cle Archives - AirLOMB\" \/>\n<meta property=\"og:description\" content=\"Ce mal du si\u00e8cle est provoqu\u00e9 par une affection des vert\u00e8bres lombaires, Les douleurs lombaires aigu\u00ebs sont g\u00e9n\u00e9ralement d&#039;origines m\u00e9caniques\" \/>\n<meta property=\"og:url\" content=\"https:\/\/www.air-lomb.com\/mal-de-dos\/tag\/mal-du-siecle\/\" \/>\n<meta property=\"og:site_name\" content=\"AirLOMB\" \/>\n<meta name=\"twitter:card\" content=\"summary_large_image\" \/>\n<script type=\"application\/ld+json\" class=\"yoast-schema-graph\">{\"@context\":\"https:\\\/\\\/schema.org\",\"@graph\":[{\"@type\":\"CollectionPage\",\"@id\":\"https:\\\/\\\/www.air-lomb.com\\\/mal-de-dos\\\/tag\\\/mal-du-siecle\\\/\",\"url\":\"https:\\\/\\\/www.air-lomb.com\\\/mal-de-dos\\\/tag\\\/mal-du-siecle\\\/\",\"name\":\"mal du si\u00e8cle Archives - AirLOMB\",\"isPartOf\":{\"@id\":\"https:\\\/\\\/www.air-lomb.com\\\/mal-de-dos\\\/#website\"},\"description\":\"Ce mal du si\u00e8cle est provoqu\u00e9 par une affection des vert\u00e8bres lombaires, Les douleurs lombaires aigu\u00ebs sont g\u00e9n\u00e9ralement d'origines m\u00e9caniques\",\"breadcrumb\":{\"@id\":\"https:\\\/\\\/www.air-lomb.com\\\/mal-de-dos\\\/tag\\\/mal-du-siecle\\\/#breadcrumb\"},\"inLanguage\":\"fr-FR\"},{\"@type\":\"BreadcrumbList\",\"@id\":\"https:\\\/\\\/www.air-lomb.com\\\/mal-de-dos\\\/tag\\\/mal-du-siecle\\\/#breadcrumb\",\"itemListElement\":[{\"@type\":\"ListItem\",\"position\":1,\"name\":\"Home\",\"item\":\"https:\\\/\\\/www.air-lomb.com\\\/mal-de-dos\\\/\"},{\"@type\":\"ListItem\",\"position\":2,\"name\":\"mal du si\u00e8cle\"}]},{\"@type\":\"WebSite\",\"@id\":\"https:\\\/\\\/www.air-lomb.com\\\/mal-de-dos\\\/#website\",\"url\":\"https:\\\/\\\/www.air-lomb.com\\\/mal-de-dos\\\/\",\"name\":\"AirLOMB\",\"description\":\"La ceinture lombaire gonflable\",\"potentialAction\":[{\"@type\":\"SearchAction\",\"target\":{\"@type\":\"EntryPoint\",\"urlTemplate\":\"https:\\\/\\\/www.air-lomb.com\\\/mal-de-dos\\\/?s={search_term_string}\"},\"query-input\":{\"@type\":\"PropertyValueSpecification\",\"valueRequired\":true,\"valueName\":\"search_term_string\"}}],\"inLanguage\":\"fr-FR\"}]}<\/script>\n<!-- \/ Yoast SEO plugin. -->","yoast_head_json":{"title":"mal du si\u00e8cle Archives - AirLOMB","description":"Ce mal du si\u00e8cle est provoqu\u00e9 par une affection des vert\u00e8bres lombaires, Les douleurs lombaires aigu\u00ebs sont g\u00e9n\u00e9ralement d'origines m\u00e9caniques","robots":{"index":"index","follow":"follow","max-snippet":"max-snippet:-1","max-image-preview":"max-image-preview:large","max-video-preview":"max-video-preview:-1"},"canonical":"https:\/\/www.air-lomb.com\/mal-de-dos\/tag\/mal-du-siecle\/","og_locale":"fr_FR","og_type":"article","og_title":"mal du si\u00e8cle Archives - AirLOMB","og_description":"Ce mal du si\u00e8cle est provoqu\u00e9 par une affection des vert\u00e8bres lombaires, Les douleurs lombaires aigu\u00ebs sont g\u00e9n\u00e9ralement d'origines m\u00e9caniques","og_url":"https:\/\/www.air-lomb.com\/mal-de-dos\/tag\/mal-du-siecle\/","og_site_name":"AirLOMB","twitter_card":"summary_large_image","schema":{"@context":"https:\/\/schema.org","@graph":[{"@type":"CollectionPage","@id":"https:\/\/www.air-lomb.com\/mal-de-dos\/tag\/mal-du-siecle\/","url":"https:\/\/www.air-lomb.com\/mal-de-dos\/tag\/mal-du-siecle\/","name":"mal du si\u00e8cle Archives - AirLOMB","isPartOf":{"@id":"https:\/\/www.air-lomb.com\/mal-de-dos\/#website"},"description":"Ce mal du si\u00e8cle est provoqu\u00e9 par une affection des vert\u00e8bres lombaires, Les douleurs lombaires aigu\u00ebs sont g\u00e9n\u00e9ralement d'origines m\u00e9caniques","breadcrumb":{"@id":"https:\/\/www.air-lomb.com\/mal-de-dos\/tag\/mal-du-siecle\/#breadcrumb"},"inLanguage":"fr-FR"},{"@type":"BreadcrumbList","@id":"https:\/\/www.air-lomb.com\/mal-de-dos\/tag\/mal-du-siecle\/#breadcrumb","itemListElement":[{"@type":"ListItem","position":1,"name":"Home","item":"https:\/\/www.air-lomb.com\/mal-de-dos\/"},{"@type":"ListItem","position":2,"name":"mal du si\u00e8cle"}]},{"@type":"WebSite","@id":"https:\/\/www.air-lomb.com\/mal-de-dos\/#website","url":"https:\/\/www.air-lomb.com\/mal-de-dos\/","name":"AirLOMB","description":"La ceinture lombaire gonflable","potentialAction":[{"@type":"SearchAction","target":{"@type":"EntryPoint","urlTemplate":"https:\/\/www.air-lomb.com\/mal-de-dos\/?s={search_term_string}"},"query-input":{"@type":"PropertyValueSpecification","valueRequired":true,"valueName":"search_term_string"}}],"inLanguage":"fr-FR"}]}},"_links":{"self":[{"href":"https:\/\/www.air-lomb.com\/mal-de-dos\/wp-json\/wp\/v2\/tags\/52","targetHints":{"allow":["GET"]}}],"collection":[{"href":"https:\/\/www.air-lomb.com\/mal-de-dos\/wp-json\/wp\/v2\/tags"}],"about":[{"href":"https:\/\/www.air-lomb.com\/mal-de-dos\/wp-json\/wp\/v2\/taxonomies\/post_tag"}],"wp:post_type":[{"href":"https:\/\/www.air-lomb.com\/mal-de-dos\/wp-json\/wp\/v2\/posts?tags=52"}],"curies":[{"name":"wp","href":"https:\/\/api.w.org\/{rel}","templated":true}]}}